{"id":9791,"date":"2026-03-11T10:39:21","date_gmt":"2026-03-11T09:39:21","guid":{"rendered":"https:\/\/pavlina-klemm.de\/?p=9791"},"modified":"2026-03-11T10:39:24","modified_gmt":"2026-03-11T09:39:24","slug":"%e2%ad%90-botschaft-maerz-2026-%e2%ad%90","status":"publish","type":"post","link":"https:\/\/pavlina-klemm.de\/?p=9791","title":{"rendered":"\u2b50 Botschaft M\u00e4rz 2026 \u2b50"},"content":{"rendered":"\n<p class=\"has-text-align-center\">Meine feinstofflichen Beobachtungen<\/p>\n\n\n\n<p class=\"has-text-align-center\">Liebe Leser,<br>ich, Pavl\u00edna, gr\u00fc\u00dfe euch.<br>Wir befinden uns in turbulenten Zeiten. Die alten Systeme br\u00f6ckeln, neue entstehen,<br>auch wenn sie vielleicht noch nicht ganz sichtbar sind. Viele neue Systeme entstehen<br>aber bereits und erblicken bald das Licht dieser Welt.<br>Um den 20. Februar 2026 haben sich neue energetische R\u00e4ume in der Realit\u00e4t der<br>Menschheit aktiviert. Ich konnte sie schon mehrmals bei der Arbeit mit meinen<br>Seminargruppen deutlich sehen. Diese R\u00e4ume wurden auch f\u00fcr jeden von uns<br>geschaffen. Sie sind lichtvoll und strahlend.<br>Diese energetischen R\u00e4ume warten darauf, dass wir die Abdr\u00fccke unserer ersten<br>Schritte und Hologramme in ihnen hinterlassen. Jeder dieser R\u00e4ume zeigt sich als<br>neue pers\u00f6nliche, reine Chronik, die wir neu beschreiben k\u00f6nnen. Die alten<br>negativen Aufzeichnungen unserer negativen Vergangenheit sind dank der Wesen<br>des Lichts und des Kosmos Schritt f\u00fcr Schritt neutralisiert worden. Wenn wir uns<br>diese Tatsache bewusst machen, k\u00f6nnen wir uns aktiv und bewusst besser von der<br>negativen Vergangenheit abtrennen. Unser Geist und unser Denken k\u00f6nnen endlich<br>die niedrigschwingenden R\u00e4ume verlassen.<br>Die neuen lichtvollen R\u00e4ume haben au\u00dferdem die F\u00e4higkeit, sich untereinander zu<br>verbinden und dadurch erste neue positive Chroniken der Menschheit zu erschaffen.<br>Wir befinden uns am Anfang einer neuen Epoche!<\/p>\n\n\n\n<p class=\"has-text-align-center\"><br>Obwohl auf diesem Planeten Ereignisse geschehen, die viele Menschen aus ihrer<br>eigenen Mitte bringt, ist es wichtig abzuw\u00e4gen, ob wir uns in die Felder der Angst und<br>Unsicherheit sowie der niedrig schwingenden Vergangenheit zur\u00fcckziehen lassen.<br>Jeder von uns befindet sich an einem bestimmten Platz auf diesem Planeten. Jeder<br>von uns hat sich den Platz oder seine Aufenthaltsorte vor der Inkarnation auf den<br>Planeten Erde selbst ausgesucht.<br>Dadurch ist es uns nicht m\u00f6glich, die ganze Welt zu retten und st\u00e4ndig in Gedanken<br>der Ratlosigkeit oder Ohnmacht zu verfallen. Was aber m\u00f6glich ist, ist sich die Kraft<br>des eigenen Lichts bewusst zu machen und zu beginnen, dieses Licht an den Orten<br>des Planeten zu konzentrieren, an denen wir uns gerade befinden. Gezielt unser<br>kosmisches Licht auf die Lichtmatrix unseres Planeten zu \u00fcbertragen. \u00dcber dieses<br>Matrixnetz verteilt sich unser Licht mit Hilfe der Erdlinien \u00fcber den ganzen Planeten.<br>Und es kommt nicht darauf an, wo wir uns gerade befinden.<\/p>\n\n\n\n<p class=\"has-text-align-center\">Lasst uns dar\u00fcber bewusst werden, dass Unsicherheit und Angst genau das ist, was<br>die negative Macht und ihre Wesen erzielen wollen. Unsicherheit und Angst, die vor<br>allem die Zukunft betreffen, sind genau das, was die niedrig schwingenden Elemente<br>am Leben erh\u00e4lt.<br>Seien wir dankbar daf\u00fcr, dass die ersten Tropfen der Wahrheit endlich an die<br>Oberfl\u00e4che durchsickern. Langsam, aber sicher.<br>Die Wahrheit ist eine g\u00f6ttliche Gr\u00f6\u00dfe, welche die F\u00e4higkeit hat, Elemente der L\u00fcge<br>und Manipulation zu neutralisieren. Die Wahrheit ist eine eigenst\u00e4ndige, aus der<br>g\u00f6ttlichen Quelle stammende Frequenz. Diese Frequenz ist m\u00e4chtig, gerecht und<br>enorm transformierend. Die Frequenz der Wahrheit str\u00f6mt mehr und mehr aus der<br>g\u00f6ttlichen Quelle zu unserem Planeten.<br>Lasst uns im Vertrauen bleiben. Vertrauen wir auf den Plan und auf die kosmische<br>Kraft, die \u00fcber uns wacht. Vertrauen wir darauf, dass das Geschehen des<br>Befreiungsprozesses und des Aufstiegs der Menschheit und dieses Planeten viele<br>Schichten hat, die f\u00fcr das menschliche Auge und Verst\u00e4ndnis oft nicht greifbar und<br>unverst\u00e4ndlich sind. Und dennoch wird eine Zeit kommen, in der sich die Schichten<br>und R\u00e4ume sichtbar miteinander verbinden und wir uns dadurch komplett an die<br>positive Zeitlinie anbinden.<br>Daf\u00fcr ist aber die Entscheidung wichtig. Die Entscheidung f\u00fcr den Einstieg in die<br>positive Zeitlinie.<br>Lasst uns jeder f\u00fcr sich selbst entscheiden. Lasst uns kraft dieses Akts gleichzeitig<br>f\u00fcr die ganze Menschheit entscheiden. Die kosmische Welt und ihre Wesen warten<br>auf unsere Entscheidung.<br>Lasst uns kraft unserer reinsten Absicht entscheiden. Denn unsere Entscheidung<br>beeinflusst die Zukunft. Vom Punkt des Hier und Jetzt aus und aus der Kraft der<br>Entscheidung entwickelt sich unsere Zukunft, die in jedem Augenblick ver\u00e4nderlich<br>und vom Zuwachs des Bewusstseins der Menschheit abh\u00e4ngig ist.<\/p>\n\n\n\n<p class=\"has-text-align-center\"><br>Mit Liebe im Herzen,<br>eure Pavl\u00edna\u2b50<\/p>\n","protected":false},"excerpt":{"rendered":"<p>Meine feinstofflichen Beobachtungen Liebe Leser,ich, Pavl\u00edna, gr\u00fc\u00dfe euch.Wir befinden uns in turbulenten Zeiten. Die alten Systeme br\u00f6ckeln, neue entstehen,auch wenn sie vielleicht noch nicht ganz sichtbar sind. Viele neue Systeme entstehenaber bereits und erblicken bald das Licht dieser Welt.Um den 20. Februar 2026 haben sich neue energetische R\u00e4ume in der Realit\u00e4t derMenschheit aktiviert. Ich konnte sie schon mehrmals bei der Arbeit mit meinenSeminargruppen deutlich sehen. Diese R\u00e4ume wurden auch f\u00fcr jeden von unsgeschaffen. Sie sind lichtvoll und strahlend.Diese energetischen R\u00e4ume&#8230;<\/p>\n<p class=\"read-more\"><a class=\"btn btn-default\" href=\"https:\/\/pavlina-klemm.de\/?p=9791\">Weiterlesen<span class=\"screen-reader-text\"> Weiterlesen<\/span><\/a><\/p>\n","protected":false},"author":2,"featured_media":0,"comment_status":"closed","ping_status":"closed","sticky":false,"template":"","format":"standard","meta":{"footnotes":""},"categories":[72],"tags":[],"class_list":["post-9791","post","type-post","status-publish","format-standard","hentry","category-botschaften-der-plejader"],"_links":{"self":[{"href":"https:\/\/pavlina-klemm.de\/index.php?rest_route=\/wp\/v2\/posts\/9791","targetHints":{"allow":["GET"]}}],"collection":[{"href":"https:\/\/pavlina-klemm.de\/index.php?rest_route=\/wp\/v2\/posts"}],"about":[{"href":"https:\/\/pavlina-klemm.de\/index.php?rest_route=\/wp\/v2\/types\/post"}],"author":[{"embeddable":true,"href":"https:\/\/pavlina-klemm.de\/index.php?rest_route=\/wp\/v2\/users\/2"}],"replies":[{"embeddable":true,"href":"https:\/\/pavlina-klemm.de\/index.php?rest_route=%2Fwp%2Fv2%2Fcomments&post=9791"}],"version-history":[{"count":1,"href":"https:\/\/pavlina-klemm.de\/index.php?rest_route=\/wp\/v2\/posts\/9791\/revisions"}],"predecessor-version":[{"id":9792,"href":"https:\/\/pavlina-klemm.de\/index.php?rest_route=\/wp\/v2\/posts\/9791\/revisions\/9792"}],"wp:attachment":[{"href":"https:\/\/pavlina-klemm.de\/index.php?rest_route=%2Fwp%2Fv2%2Fmedia&parent=9791"}],"wp:term":[{"taxonomy":"category","embeddable":true,"href":"https:\/\/pavlina-klemm.de\/index.php?rest_route=%2Fwp%2Fv2%2Fcategories&post=9791"},{"taxonomy":"post_tag","embeddable":true,"href":"https:\/\/pavlina-klemm.de\/index.php?rest_route=%2Fwp%2Fv2%2Ftags&post=9791"}],"curies":[{"name":"wp","href":"https:\/\/api.w.org\/{rel}","templated":true}]}}